{"id":2116,"date":"2025-03-03T11:19:26","date_gmt":"2025-03-03T10:19:26","guid":{"rendered":"https:\/\/acc-france.fr\/accfranc741\/?p=2116"},"modified":"2025-03-13T16:43:15","modified_gmt":"2025-03-13T15:43:15","slug":"2116","status":"publish","type":"post","link":"https:\/\/acc-france.fr\/accfranc741\/?p=2116","title":{"rendered":"Pr\u00e9parations au mariage"},"content":{"rendered":"\n<div class=\"wp-block-media-text is-stacked-on-mobile\"><figure class=\"wp-block-media-text__media\"><img loading=\"lazy\" decoding=\"async\" width=\"738\" height=\"483\" src=\"https:\/\/acc-france.fr\/accfranc741\/wp-content\/uploads\/2025\/03\/Annonce-form-250405.jpg\" alt=\"\" class=\"wp-image-2117 size-full\" srcset=\"https:\/\/acc-france.fr\/accfranc741\/wp-content\/uploads\/2025\/03\/Annonce-form-250405.jpg 738w, https:\/\/acc-france.fr\/accfranc741\/wp-content\/uploads\/2025\/03\/Annonce-form-250405-300x196.jpg 300w\" sizes=\"auto, (max-width: 738px) 100vw, 738px\" \/><\/figure><div class=\"wp-block-media-text__content\">\n<p>Le samedi 5 avril \u00e0 Belfort une nouvelle formation pour la pr\u00e9paration au mariage est organis\u00e9e par l&rsquo;Association ENSEMBLE \u00ab\u00a0Parcours pour couples\u00a0\u00bb. Ces formations s\u2019adressent aux couples de responsables dans une communaut\u00e9.<\/p>\n\n\n\n<p><a href=\"https:\/\/cabinet-aoc.assoconnect.com\/collect\/description\/537234-l-formation-preparation-au-mariage-samedi-5-avril-2025-a-belfort\" target=\"_blank\" rel=\"noreferrer noopener\">https:\/\/cabinet-aoc.assoconnect.com\/collect\/description\/537234-l-formation-preparation-au-mariage-samedi-5-avril-2025-a-belfort<\/a><\/p>\n<\/div><\/div>\n","protected":false},"excerpt":{"rendered":"<p>Le samedi 5 avril \u00e0 Belfort une nouvelle formation pour la pr\u00e9paration au mariage est organis\u00e9e par l&rsquo;Association ENSEMBLE \u00ab\u00a0Parcours pour couples\u00a0\u00bb. Ces formations s\u2019adressent aux couples de responsables dans une communaut\u00e9. https:\/\/cabinet-aoc.assoconnect.com\/collect\/description\/537234-l-formation-preparation-au-mariage-samedi-5-avril-2025-a-belfort<\/p>\n","protected":false},"author":1,"featured_media":0,"comment_status":"open","ping_status":"open","sticky":false,"template":"","format":"standard","meta":{"footnotes":""},"categories":[9,1],"tags":[],"class_list":["post-2116","post","type-post","status-publish","format-standard","hentry","category-actualites-dans-les-eglises","category-non-classe"],"_links":{"self":[{"href":"https:\/\/acc-france.fr\/accfranc741\/index.php?rest_route=\/wp\/v2\/posts\/2116","targetHints":{"allow":["GET"]}}],"collection":[{"href":"https:\/\/acc-france.fr\/accfranc741\/index.php?rest_route=\/wp\/v2\/posts"}],"about":[{"href":"https:\/\/acc-france.fr\/accfranc741\/index.php?rest_route=\/wp\/v2\/types\/post"}],"author":[{"embeddable":true,"href":"https:\/\/acc-france.fr\/accfranc741\/index.php?rest_route=\/wp\/v2\/users\/1"}],"replies":[{"embeddable":true,"href":"https:\/\/acc-france.fr\/accfranc741\/index.php?rest_route=%2Fwp%2Fv2%2Fcomments&post=2116"}],"version-history":[{"count":2,"href":"https:\/\/acc-france.fr\/accfranc741\/index.php?rest_route=\/wp\/v2\/posts\/2116\/revisions"}],"predecessor-version":[{"id":2119,"href":"https:\/\/acc-france.fr\/accfranc741\/index.php?rest_route=\/wp\/v2\/posts\/2116\/revisions\/2119"}],"wp:attachment":[{"href":"https:\/\/acc-france.fr\/accfranc741\/index.php?rest_route=%2Fwp%2Fv2%2Fmedia&parent=2116"}],"wp:term":[{"taxonomy":"category","embeddable":true,"href":"https:\/\/acc-france.fr\/accfranc741\/index.php?rest_route=%2Fwp%2Fv2%2Fcategories&post=2116"},{"taxonomy":"post_tag","embeddable":true,"href":"https:\/\/acc-france.fr\/accfranc741\/index.php?rest_route=%2Fwp%2Fv2%2Ftags&post=2116"}],"curies":[{"name":"wp","href":"https:\/\/api.w.org\/{rel}","templated":true}]}}